{"id":1428,"date":"2024-05-29T01:20:20","date_gmt":"2024-05-29T01:20:20","guid":{"rendered":"https:\/\/v-shock.com\/?p=1428"},"modified":"2024-05-29T01:20:25","modified_gmt":"2024-05-29T01:20:25","slug":"centre-desthetique-le-zenith","status":"publish","type":"post","link":"https:\/\/v-shock.com\/zh\/centre-desthetique-le-zenith\/","title":{"rendered":"Centre d&#8217;esthetique Le Zenith"},"content":{"rendered":"<blockquote class=\"wp-block-quote is-layout-flow wp-block-quote-is-layout-flow\">\n<p><a href=\"https:\/\/esthetiquelezenith.ca\/\">Centre d&#8217;esthetique Le Zenith<\/a><\/p>\n<\/blockquote>\n\n\n\n<p>&#8211;<\/p>\n\n\n<div class=\"wp-block-image\">\n<figure class=\"aligncenter size-full is-resized\"><img data-recalc-dims=\"1\" loading=\"lazy\" decoding=\"async\" width=\"920\" height=\"766\" src=\"https:\/\/i0.wp.com\/v-shock.com\/wp-content\/uploads\/2024\/05\/Centre-desthetique-Le-Zenith.png?resize=920%2C766&#038;ssl=1\" alt=\"\" class=\"wp-image-1429\" style=\"width:600px\" srcset=\"https:\/\/i0.wp.com\/v-shock.com\/wp-content\/uploads\/2024\/05\/Centre-desthetique-Le-Zenith.png?w=922&amp;ssl=1 922w, https:\/\/i0.wp.com\/v-shock.com\/wp-content\/uploads\/2024\/05\/Centre-desthetique-Le-Zenith.png?resize=300%2C250&amp;ssl=1 300w, https:\/\/i0.wp.com\/v-shock.com\/wp-content\/uploads\/2024\/05\/Centre-desthetique-Le-Zenith.png?resize=768%2C640&amp;ssl=1 768w, https:\/\/i0.wp.com\/v-shock.com\/wp-content\/uploads\/2024\/05\/Centre-desthetique-Le-Zenith.png?resize=14%2C12&amp;ssl=1 14w\" sizes=\"auto, (max-width: 920px) 100vw, 920px\" \/><\/figure>\n<\/div>\n\n\n<p>&#8211;<\/p>\n\n\n\n<h2 class=\"wp-block-heading\" style=\"font-size:40px\"><strong>\u00c0 l&#8217;\u00e9coute<br>de vos besoins<\/strong><\/h2>\n\n\n\n<p class=\"has-white-color has-text-color has-link-color has-normal-font-size wp-elements-c5ba0cf218402560508e0b67cc93c239\">Entrez dans l\u2019univers d\u2019Amal. Des soins personnalis\u00e9s, enti\u00e8rement d\u00e9di\u00e9s \u00e0 votre bien-\u00eatre!&nbsp;<\/p>\n\n\n\n<p class=\"has-white-color has-text-color has-link-color has-normal-font-size wp-elements-d64320d32fc9b5e5b92926698ee043a9\">Que vous soyez \u00e0 la recherche d\u2019un service d\u2019esth\u00e9tique sp\u00e9cialis\u00e9 ou tout simplement d\u2019un moment pour d\u00e9crocher, toute l\u2019\u00e9quipe du Z\u00e9nith vous accompagnera afin de vous offrir une exp\u00e9rience des plus accueillante et relaxante.<\/p>\n\n\n\n<h2 class=\"wp-block-heading\" style=\"font-size:40px\"><strong>Un univers<\/strong>&nbsp;de bien-\u00eatre<\/h2>\n\n\n<div class=\"wp-block-image\">\n<figure class=\"aligncenter is-resized\"><img data-recalc-dims=\"1\" height=\"889\" width=\"920\" decoding=\"async\" src=\"https:\/\/i0.wp.com\/esthetiquelezenith.ca\/wp-content\/uploads\/2021\/07\/Screen-Shot-2021-06-21-at-3.12.08-PM-1024x989.png?resize=920%2C889&#038;ssl=1\" alt=\"\" class=\"wp-image-128\" style=\"width:600px\"\/><\/figure>\n<\/div>\n\n\n<p class=\"has-normal-font-size\">C&#8217;est en 2012 que le Centre Esth\u00e9tique Le Z\u00e9nith voit le jour, port\u00e9 par la vision et la passion d&#8217;Amal Zeriouh. Apr\u00e8s avoir consacr\u00e9 plusieurs ann\u00e9es de sa vie \u00e0 l&#8217;exercice minutieux de la traduction, Amal ressent un changement s&#8217;op\u00e9rer en elle. Un d\u00e9sir profond\u00e9ment ancr\u00e9 de se mettre au service des autres commence \u00e0 germer, nourri par une aspiration \u00e0 prendre soin d&#8217;eux.<\/p>\n\n\n\n<p class=\"has-normal-font-size\">Elle comprend alors que sa vocation se trouve ailleurs, dans l&#8217;interaction humaine, dans l&#8217;\u00e9change et le partage, dans l&#8217;art de contribuer au bien-\u00eatre d&#8217;autrui. Pouss\u00e9e par cette r\u00e9v\u00e9lation, elle d\u00e9cide de faire preuve d&#8217;une audace renouvel\u00e9e et d&#8217;un courage indomptable. Elle entreprend un grand retour vers le monde acad\u00e9mique, \u00e9quilibrant habilement les exigences de sa vie personnelle et professionnelle.<\/p>\n\n\n\n<p class=\"has-normal-font-size\">Avec une d\u00e9termination sans faille, elle s&#8217;immerge dans ce nouveau domaine, assimilant rapidement les connaissances n\u00e9cessaires, se fa\u00e7onnant un nouvel horizon o\u00f9 elle pourrait s&#8217;\u00e9panouir tout en aidant les autres \u00e0 faire de m\u00eame. Elle aime \u00e0 se d\u00e9crire comme &#8220;une artisane du bien-\u00eatre&#8221;, et cette phrase r\u00e9sonne comme un v\u00e9ritable manifeste de sa mission.<\/p>\n\n\n\n<p class=\"has-normal-font-size\">Ainsi na\u00eet le Centre Esth\u00e9tique Le Z\u00e9nith, fruit de son engagement et de son d\u00e9vouement, un sanctuaire o\u00f9 chaque client peut trouver une \u00e9coute attentive, des soins adapt\u00e9s et un bien-\u00eatre choy\u00e9. Amal et son \u00e9quipe s&#8217;efforcent de faire de chaque visite une exp\u00e9rience unique, un moment de s\u00e9r\u00e9nit\u00e9 dans le tumulte du quotidien, une \u00e9tape vers une version encore plus \u00e9panouie de soi-m\u00eame.<\/p>\n\n\n<div class=\"wp-block-image\">\n<figure class=\"aligncenter is-resized\"><img data-recalc-dims=\"1\" decoding=\"async\" src=\"https:\/\/i0.wp.com\/esthetiquelezenith.ca\/wp-content\/uploads\/2023\/07\/enlarging-lips-at-cosmetic-clinic-ZQPP4GT.jpg?w=920&#038;ssl=1\" alt=\"\" class=\"wp-image-969\" style=\"width:382px;height:auto\"\/><\/figure>\n<\/div>\n\n\n<p>&#8211;<\/p>\n\n\n<div class=\"wp-block-jetpack-contact-form is-layout-flex wp-container-jetpack-contact-form-is-layout-026b38f8 wp-block-jetpack-contact-form-is-layout-flex\"><a href=\"https:\/\/v-shock.com\/zh\/centre-desthetique-le-zenith\/\" target=\"_blank\" rel=\"noopener noreferrer\">\u63d0\u4ea4\u8868\u55ae\u3002<\/a><\/div>","protected":false},"excerpt":{"rendered":"<p>Centre d&#8217;esthetique Le Zenith &#8211; &#8211; \u00c0 l&#8217;\u00e9coutede vos besoins Entrez dans l\u2019univers d\u2019Amal. Des<\/p>\n<p class=\"more-link\"><a href=\"https:\/\/v-shock.com\/zh\/centre-desthetique-le-zenith\/\" class=\"readmore\">Continue reading<svg class=\"icon icon-arrow-right\" aria-hidden=\"true\" role=\"img\"> <use href=\"#icon-arrow-right\" xlink:href=\"#icon-arrow-right\"><\/use> <\/svg><span class=\"screen-reader-text\">Centre d&#8217;esthetique Le Zenith<\/span><\/a><\/p>","protected":false},"author":2,"featured_media":0,"comment_status":"closed","ping_status":"open","sticky":false,"template":"","format":"standard","meta":{"_jetpack_memberships_contains_paid_content":false,"footnotes":"","jetpack_publicize_message":"","jetpack_publicize_feature_enabled":true,"jetpack_social_post_already_shared":true,"jetpack_social_options":{"image_generator_settings":{"template":"highway","default_image_id":0,"font":"","enabled":false},"version":2}},"categories":[9],"tags":[],"class_list":["post-1428","post","type-post","status-publish","format-standard","hentry","category-fr"],"yoast_head":"<!-- This site is optimized with the Yoast SEO plugin v27.5 - https:\/\/yoast.com\/product\/yoast-seo-wordpress\/ -->\n<title>Centre d&#039;esthetique Le Zenith - I LIKE V SHOCK FACE<\/title>\n<meta name=\"robots\" content=\"index, follow, max-snippet:-1, max-image-preview:large, max-video-preview:-1\" \/>\n<link rel=\"canonical\" href=\"https:\/\/v-shock.com\/zh\/centre-desthetique-le-zenith\/\" \/>\n<meta property=\"og:locale\" content=\"zh_TW\" \/>\n<meta property=\"og:type\" content=\"article\" \/>\n<meta property=\"og:title\" content=\"Centre d&#039;esthetique Le Zenith - I LIKE V SHOCK FACE\" \/>\n<meta property=\"og:description\" content=\"Centre d&#8217;esthetique Le Zenith &#8211; &#8211; \u00c0 l&#8217;\u00e9coutede vos besoins Entrez dans l\u2019univers d\u2019Amal. DesContinue reading Centre d&#8217;esthetique Le Zenith\" \/>\n<meta property=\"og:url\" content=\"https:\/\/v-shock.com\/zh\/centre-desthetique-le-zenith\/\" \/>\n<meta property=\"og:site_name\" content=\"I LIKE V SHOCK FACE\" \/>\n<meta property=\"article:publisher\" content=\"https:\/\/www.facebook.com\/profile.php?id=100093284053080\" \/>\n<meta property=\"article:published_time\" content=\"2024-05-29T01:20:20+00:00\" \/>\n<meta property=\"article:modified_time\" content=\"2024-05-29T01:20:25+00:00\" \/>\n<meta property=\"og:image\" content=\"https:\/\/v-shock.com\/wp-content\/uploads\/2024\/05\/Centre-desthetique-Le-Zenith.png\" \/>\n<meta name=\"author\" content=\"gimrshock\" \/>\n<meta name=\"twitter:card\" content=\"summary_large_image\" \/>\n<meta name=\"twitter:label1\" content=\"\u4f5c\u8005:\" \/>\n\t<meta name=\"twitter:data1\" content=\"gimrshock\" \/>\n\t<meta name=\"twitter:label2\" content=\"\u9810\u4f30\u95b1\u8b80\u6642\u9593\" \/>\n\t<meta name=\"twitter:data2\" content=\"3 \u5206\u9418\" \/>\n<script type=\"application\/ld+json\" class=\"yoast-schema-graph\">{\"@context\":\"https:\\\/\\\/schema.org\",\"@graph\":[{\"@type\":\"Article\",\"@id\":\"https:\\\/\\\/v-shock.com\\\/centre-desthetique-le-zenith\\\/#article\",\"isPartOf\":{\"@id\":\"https:\\\/\\\/v-shock.com\\\/centre-desthetique-le-zenith\\\/\"},\"author\":{\"name\":\"gimrshock\",\"@id\":\"https:\\\/\\\/v-shock.com\\\/#\\\/schema\\\/person\\\/1ae72d2e9a8d8ab2cb4e7b116a36ef7d\"},\"headline\":\"Centre d&#8217;esthetique Le Zenith\",\"datePublished\":\"2024-05-29T01:20:20+00:00\",\"dateModified\":\"2024-05-29T01:20:25+00:00\",\"mainEntityOfPage\":{\"@id\":\"https:\\\/\\\/v-shock.com\\\/centre-desthetique-le-zenith\\\/\"},\"wordCount\":365,\"publisher\":{\"@id\":\"https:\\\/\\\/v-shock.com\\\/#organization\"},\"image\":{\"@id\":\"https:\\\/\\\/v-shock.com\\\/centre-desthetique-le-zenith\\\/#primaryimage\"},\"thumbnailUrl\":\"https:\\\/\\\/v-shock.com\\\/wp-content\\\/uploads\\\/2024\\\/05\\\/Centre-desthetique-Le-Zenith.png\",\"articleSection\":[\"FR\"],\"inLanguage\":\"zh-TW\"},{\"@type\":\"WebPage\",\"@id\":\"https:\\\/\\\/v-shock.com\\\/centre-desthetique-le-zenith\\\/\",\"url\":\"https:\\\/\\\/v-shock.com\\\/centre-desthetique-le-zenith\\\/\",\"name\":\"Centre d'esthetique Le Zenith - I LIKE V SHOCK FACE\",\"isPartOf\":{\"@id\":\"https:\\\/\\\/v-shock.com\\\/#website\"},\"primaryImageOfPage\":{\"@id\":\"https:\\\/\\\/v-shock.com\\\/centre-desthetique-le-zenith\\\/#primaryimage\"},\"image\":{\"@id\":\"https:\\\/\\\/v-shock.com\\\/centre-desthetique-le-zenith\\\/#primaryimage\"},\"thumbnailUrl\":\"https:\\\/\\\/v-shock.com\\\/wp-content\\\/uploads\\\/2024\\\/05\\\/Centre-desthetique-Le-Zenith.png\",\"datePublished\":\"2024-05-29T01:20:20+00:00\",\"dateModified\":\"2024-05-29T01:20:25+00:00\",\"breadcrumb\":{\"@id\":\"https:\\\/\\\/v-shock.com\\\/centre-desthetique-le-zenith\\\/#breadcrumb\"},\"inLanguage\":\"zh-TW\",\"potentialAction\":[{\"@type\":\"ReadAction\",\"target\":[\"https:\\\/\\\/v-shock.com\\\/centre-desthetique-le-zenith\\\/\"]}]},{\"@type\":\"ImageObject\",\"inLanguage\":\"zh-TW\",\"@id\":\"https:\\\/\\\/v-shock.com\\\/centre-desthetique-le-zenith\\\/#primaryimage\",\"url\":\"https:\\\/\\\/v-shock.com\\\/wp-content\\\/uploads\\\/2024\\\/05\\\/Centre-desthetique-Le-Zenith.png\",\"contentUrl\":\"https:\\\/\\\/v-shock.com\\\/wp-content\\\/uploads\\\/2024\\\/05\\\/Centre-desthetique-Le-Zenith.png\"},{\"@type\":\"BreadcrumbList\",\"@id\":\"https:\\\/\\\/v-shock.com\\\/centre-desthetique-le-zenith\\\/#breadcrumb\",\"itemListElement\":[{\"@type\":\"ListItem\",\"position\":1,\"name\":\"\u9996\u9801\",\"item\":\"https:\\\/\\\/v-shock.com\\\/\"},{\"@type\":\"ListItem\",\"position\":2,\"name\":\"Centre d&#8217;esthetique Le Zenith\"}]},{\"@type\":\"WebSite\",\"@id\":\"https:\\\/\\\/v-shock.com\\\/#website\",\"url\":\"https:\\\/\\\/v-shock.com\\\/\",\"name\":\"V SHOCK\",\"description\":\"V Shock technology perfect your V Shape face\",\"publisher\":{\"@id\":\"https:\\\/\\\/v-shock.com\\\/#organization\"},\"alternateName\":\"VSHOCK\",\"potentialAction\":[{\"@type\":\"SearchAction\",\"target\":{\"@type\":\"EntryPoint\",\"urlTemplate\":\"https:\\\/\\\/v-shock.com\\\/?s={search_term_string}\"},\"query-input\":{\"@type\":\"PropertyValueSpecification\",\"valueRequired\":true,\"valueName\":\"search_term_string\"}}],\"inLanguage\":\"zh-TW\"},{\"@type\":\"Organization\",\"@id\":\"https:\\\/\\\/v-shock.com\\\/#organization\",\"name\":\"V SHOCK\",\"url\":\"https:\\\/\\\/v-shock.com\\\/\",\"logo\":{\"@type\":\"ImageObject\",\"inLanguage\":\"zh-TW\",\"@id\":\"https:\\\/\\\/v-shock.com\\\/#\\\/schema\\\/logo\\\/image\\\/\",\"url\":\"https:\\\/\\\/i0.wp.com\\\/v-shock.com\\\/wp-content\\\/uploads\\\/2023\\\/07\\\/cropped-V-SHOCK-LOGO-200X200-13.png?fit=200%2C68&ssl=1\",\"contentUrl\":\"https:\\\/\\\/i0.wp.com\\\/v-shock.com\\\/wp-content\\\/uploads\\\/2023\\\/07\\\/cropped-V-SHOCK-LOGO-200X200-13.png?fit=200%2C68&ssl=1\",\"width\":200,\"height\":68,\"caption\":\"V SHOCK\"},\"image\":{\"@id\":\"https:\\\/\\\/v-shock.com\\\/#\\\/schema\\\/logo\\\/image\\\/\"},\"sameAs\":[\"https:\\\/\\\/www.facebook.com\\\/profile.php?id=100093284053080\",\"https:\\\/\\\/www.instagram.com\\\/like_v_face\\\/\",\"https:\\\/\\\/www.tiktok.com\\\/@vshock_tw?_t=8cbONpJI4ri&_r=1\"]},{\"@type\":\"Person\",\"@id\":\"https:\\\/\\\/v-shock.com\\\/#\\\/schema\\\/person\\\/1ae72d2e9a8d8ab2cb4e7b116a36ef7d\",\"name\":\"gimrshock\",\"image\":{\"@type\":\"ImageObject\",\"inLanguage\":\"zh-TW\",\"@id\":\"https:\\\/\\\/secure.gravatar.com\\\/avatar\\\/777b612495ec71f23015165492d6ef930034323962914993678f271775f60465?s=96&d=robohash&r=g\",\"url\":\"https:\\\/\\\/secure.gravatar.com\\\/avatar\\\/777b612495ec71f23015165492d6ef930034323962914993678f271775f60465?s=96&d=robohash&r=g\",\"contentUrl\":\"https:\\\/\\\/secure.gravatar.com\\\/avatar\\\/777b612495ec71f23015165492d6ef930034323962914993678f271775f60465?s=96&d=robohash&r=g\",\"caption\":\"gimrshock\"},\"url\":\"https:\\\/\\\/v-shock.com\\\/zh\\\/author\\\/gimrshock\\\/\"}]}<\/script>\n<!-- \/ Yoast SEO plugin. -->","yoast_head_json":{"title":"Centre d'esthetique Le Zenith - I LIKE V SHOCK FACE","robots":{"index":"index","follow":"follow","max-snippet":"max-snippet:-1","max-image-preview":"max-image-preview:large","max-video-preview":"max-video-preview:-1"},"canonical":"https:\/\/v-shock.com\/zh\/centre-desthetique-le-zenith\/","og_locale":"zh_TW","og_type":"article","og_title":"Centre d'esthetique Le Zenith - I LIKE V SHOCK FACE","og_description":"Centre d&#8217;esthetique Le Zenith &#8211; &#8211; \u00c0 l&#8217;\u00e9coutede vos besoins Entrez dans l\u2019univers d\u2019Amal. DesContinue reading Centre d&#8217;esthetique Le Zenith","og_url":"https:\/\/v-shock.com\/zh\/centre-desthetique-le-zenith\/","og_site_name":"I LIKE V SHOCK FACE","article_publisher":"https:\/\/www.facebook.com\/profile.php?id=100093284053080","article_published_time":"2024-05-29T01:20:20+00:00","article_modified_time":"2024-05-29T01:20:25+00:00","og_image":[{"url":"https:\/\/v-shock.com\/wp-content\/uploads\/2024\/05\/Centre-desthetique-Le-Zenith.png","type":"","width":"","height":""}],"author":"gimrshock","twitter_card":"summary_large_image","twitter_misc":{"\u4f5c\u8005:":"gimrshock","\u9810\u4f30\u95b1\u8b80\u6642\u9593":"3 \u5206\u9418"},"schema":{"@context":"https:\/\/schema.org","@graph":[{"@type":"Article","@id":"https:\/\/v-shock.com\/centre-desthetique-le-zenith\/#article","isPartOf":{"@id":"https:\/\/v-shock.com\/centre-desthetique-le-zenith\/"},"author":{"name":"gimrshock","@id":"https:\/\/v-shock.com\/#\/schema\/person\/1ae72d2e9a8d8ab2cb4e7b116a36ef7d"},"headline":"Centre d&#8217;esthetique Le Zenith","datePublished":"2024-05-29T01:20:20+00:00","dateModified":"2024-05-29T01:20:25+00:00","mainEntityOfPage":{"@id":"https:\/\/v-shock.com\/centre-desthetique-le-zenith\/"},"wordCount":365,"publisher":{"@id":"https:\/\/v-shock.com\/#organization"},"image":{"@id":"https:\/\/v-shock.com\/centre-desthetique-le-zenith\/#primaryimage"},"thumbnailUrl":"https:\/\/v-shock.com\/wp-content\/uploads\/2024\/05\/Centre-desthetique-Le-Zenith.png","articleSection":["FR"],"inLanguage":"zh-TW"},{"@type":"WebPage","@id":"https:\/\/v-shock.com\/centre-desthetique-le-zenith\/","url":"https:\/\/v-shock.com\/centre-desthetique-le-zenith\/","name":"Centre d'esthetique Le Zenith - I LIKE V SHOCK FACE","isPartOf":{"@id":"https:\/\/v-shock.com\/#website"},"primaryImageOfPage":{"@id":"https:\/\/v-shock.com\/centre-desthetique-le-zenith\/#primaryimage"},"image":{"@id":"https:\/\/v-shock.com\/centre-desthetique-le-zenith\/#primaryimage"},"thumbnailUrl":"https:\/\/v-shock.com\/wp-content\/uploads\/2024\/05\/Centre-desthetique-Le-Zenith.png","datePublished":"2024-05-29T01:20:20+00:00","dateModified":"2024-05-29T01:20:25+00:00","breadcrumb":{"@id":"https:\/\/v-shock.com\/centre-desthetique-le-zenith\/#breadcrumb"},"inLanguage":"zh-TW","potentialAction":[{"@type":"ReadAction","target":["https:\/\/v-shock.com\/centre-desthetique-le-zenith\/"]}]},{"@type":"ImageObject","inLanguage":"zh-TW","@id":"https:\/\/v-shock.com\/centre-desthetique-le-zenith\/#primaryimage","url":"https:\/\/v-shock.com\/wp-content\/uploads\/2024\/05\/Centre-desthetique-Le-Zenith.png","contentUrl":"https:\/\/v-shock.com\/wp-content\/uploads\/2024\/05\/Centre-desthetique-Le-Zenith.png"},{"@type":"BreadcrumbList","@id":"https:\/\/v-shock.com\/centre-desthetique-le-zenith\/#breadcrumb","itemListElement":[{"@type":"ListItem","position":1,"name":"\u9996\u9801","item":"https:\/\/v-shock.com\/"},{"@type":"ListItem","position":2,"name":"Centre d&#8217;esthetique Le Zenith"}]},{"@type":"WebSite","@id":"https:\/\/v-shock.com\/#website","url":"https:\/\/v-shock.com\/","name":"V SHOCK","description":"V Shock \u808c\u3002\u7b4b\u819c  \u91cd\u5851\u5c0fV\u81c9","publisher":{"@id":"https:\/\/v-shock.com\/#organization"},"alternateName":"VSHOCK","potentialAction":[{"@type":"SearchAction","target":{"@type":"EntryPoint","urlTemplate":"https:\/\/v-shock.com\/?s={search_term_string}"},"query-input":{"@type":"PropertyValueSpecification","valueRequired":true,"valueName":"search_term_string"}}],"inLanguage":"zh-TW"},{"@type":"Organization","@id":"https:\/\/v-shock.com\/#organization","name":"V SHOCK","url":"https:\/\/v-shock.com\/","logo":{"@type":"ImageObject","inLanguage":"zh-TW","@id":"https:\/\/v-shock.com\/#\/schema\/logo\/image\/","url":"https:\/\/i0.wp.com\/v-shock.com\/wp-content\/uploads\/2023\/07\/cropped-V-SHOCK-LOGO-200X200-13.png?fit=200%2C68&ssl=1","contentUrl":"https:\/\/i0.wp.com\/v-shock.com\/wp-content\/uploads\/2023\/07\/cropped-V-SHOCK-LOGO-200X200-13.png?fit=200%2C68&ssl=1","width":200,"height":68,"caption":"V SHOCK"},"image":{"@id":"https:\/\/v-shock.com\/#\/schema\/logo\/image\/"},"sameAs":["https:\/\/www.facebook.com\/profile.php?id=100093284053080","https:\/\/www.instagram.com\/like_v_face\/","https:\/\/www.tiktok.com\/@vshock_tw?_t=8cbONpJI4ri&_r=1"]},{"@type":"Person","@id":"https:\/\/v-shock.com\/#\/schema\/person\/1ae72d2e9a8d8ab2cb4e7b116a36ef7d","name":"gimrshock","image":{"@type":"ImageObject","inLanguage":"zh-TW","@id":"https:\/\/secure.gravatar.com\/avatar\/777b612495ec71f23015165492d6ef930034323962914993678f271775f60465?s=96&d=robohash&r=g","url":"https:\/\/secure.gravatar.com\/avatar\/777b612495ec71f23015165492d6ef930034323962914993678f271775f60465?s=96&d=robohash&r=g","contentUrl":"https:\/\/secure.gravatar.com\/avatar\/777b612495ec71f23015165492d6ef930034323962914993678f271775f60465?s=96&d=robohash&r=g","caption":"gimrshock"},"url":"https:\/\/v-shock.com\/zh\/author\/gimrshock\/"}]}},"jetpack_publicize_connections":[],"jetpack_featured_media_url":"","jetpack_sharing_enabled":true,"_links":{"self":[{"href":"https:\/\/v-shock.com\/zh\/wp-json\/wp\/v2\/posts\/1428","targetHints":{"allow":["GET"]}}],"collection":[{"href":"https:\/\/v-shock.com\/zh\/wp-json\/wp\/v2\/posts"}],"about":[{"href":"https:\/\/v-shock.com\/zh\/wp-json\/wp\/v2\/types\/post"}],"author":[{"embeddable":true,"href":"https:\/\/v-shock.com\/zh\/wp-json\/wp\/v2\/users\/2"}],"replies":[{"embeddable":true,"href":"https:\/\/v-shock.com\/zh\/wp-json\/wp\/v2\/comments?post=1428"}],"version-history":[{"count":1,"href":"https:\/\/v-shock.com\/zh\/wp-json\/wp\/v2\/posts\/1428\/revisions"}],"predecessor-version":[{"id":1430,"href":"https:\/\/v-shock.com\/zh\/wp-json\/wp\/v2\/posts\/1428\/revisions\/1430"}],"wp:attachment":[{"href":"https:\/\/v-shock.com\/zh\/wp-json\/wp\/v2\/media?parent=1428"}],"wp:term":[{"taxonomy":"category","embeddable":true,"href":"https:\/\/v-shock.com\/zh\/wp-json\/wp\/v2\/categories?post=1428"},{"taxonomy":"post_tag","embeddable":true,"href":"https:\/\/v-shock.com\/zh\/wp-json\/wp\/v2\/tags?post=1428"}],"curies":[{"name":"wp","href":"https:\/\/api.w.org\/{rel}","templated":true}]}}